{"id":130,"date":"2025-07-17T19:53:54","date_gmt":"2025-07-17T22:53:54","guid":{"rendered":"https:\/\/ceihc.sbc.org.br\/?p=130"},"modified":"2025-07-17T19:53:54","modified_gmt":"2025-07-17T22:53:54","slug":"ihc-ocorre-pela-primeira-vez-na-capital-do-pais-brasilia","status":"publish","type":"post","link":"https:\/\/ceihc.sbc.org.br\/index.php\/2025\/07\/17\/ihc-ocorre-pela-primeira-vez-na-capital-do-pais-brasilia\/","title":{"rendered":"IHC ocorre pela primeira vez na capital do pa\u00eds, Bras\u00edlia."},"content":{"rendered":"\n<p>Bras\u00edlia, o quadradinho do Brasil! Localizada no cora\u00e7\u00e3o do pa\u00eds, recebe a vig\u00e9sima terceira edi\u00e7\u00e3o do Simp\u00f3sio Brasileiro sobre Fatores Humanos em Sistemas Computacionais (IHC).<\/p>\n\n\n\n<p>Nesse contexto, em meio a pessoas que chegam e saem, de diferentes estados do Brasil, com seus sotaques e carregando realidades diversas, surge a converg\u00eancia cultural, pol\u00edtica e intelectual que contribui com a discuss\u00e3o de temas relacionados \u00e0 IHC, os quais ser\u00e3o apresentados durante a edi\u00e7\u00e3o 2024.<\/p>\n\n\n\n<p>Confira alguns momentos dessa edi\u00e7\u00e3o fant\u00e1stica:<\/p>\n\n\n\n<figure class=\"wp-block-image size-full\"><img fetchpriority=\"high\" decoding=\"async\" width=\"1000\" height=\"635\" src=\"https:\/\/ceihc.sbc.org.br\/wp-content\/uploads\/2025\/07\/IMG_0405.jpg\" alt=\"\" class=\"wp-image-132\" srcset=\"https:\/\/ceihc.sbc.org.br\/wp-content\/uploads\/2025\/07\/IMG_0405.jpg 1000w, https:\/\/ceihc.sbc.org.br\/wp-content\/uploads\/2025\/07\/IMG_0405-300x191.jpg 300w, https:\/\/ceihc.sbc.org.br\/wp-content\/uploads\/2025\/07\/IMG_0405-768x488.jpg 768w\" sizes=\"(max-width: 1000px) 100vw, 1000px\" \/><\/figure>\n\n\n\n<figure class=\"wp-block-image size-full\"><img decoding=\"async\" width=\"1000\" height=\"667\" src=\"https:\/\/ceihc.sbc.org.br\/wp-content\/uploads\/2025\/07\/IMG_1469.jpg\" alt=\"\" class=\"wp-image-133\" srcset=\"https:\/\/ceihc.sbc.org.br\/wp-content\/uploads\/2025\/07\/IMG_1469.jpg 1000w, https:\/\/ceihc.sbc.org.br\/wp-content\/uploads\/2025\/07\/IMG_1469-300x200.jpg 300w, https:\/\/ceihc.sbc.org.br\/wp-content\/uploads\/2025\/07\/IMG_1469-768x512.jpg 768w\" sizes=\"(max-width: 1000px) 100vw, 1000px\" \/><\/figure>\n\n\n\n<figure class=\"wp-block-image size-full\"><img decoding=\"async\" width=\"1000\" height=\"667\" src=\"https:\/\/ceihc.sbc.org.br\/wp-content\/uploads\/2025\/07\/IMG_1578.jpg\" alt=\"\" class=\"wp-image-134\" srcset=\"https:\/\/ceihc.sbc.org.br\/wp-content\/uploads\/2025\/07\/IMG_1578.jpg 1000w, https:\/\/ceihc.sbc.org.br\/wp-content\/uploads\/2025\/07\/IMG_1578-300x200.jpg 300w, https:\/\/ceihc.sbc.org.br\/wp-content\/uploads\/2025\/07\/IMG_1578-768x512.jpg 768w\" sizes=\"(max-width: 1000px) 100vw, 1000px\" \/><\/figure>\n\n\n\n<p>Voc\u00ea encontra mais informa\u00e7\u00f5es e fotos no site: <a href=\"https:\/\/ihc.sbc.org.br\/2024\/\">https:\/\/ihc.sbc.org.br\/2024\/<\/a><\/p>\n\n\n\n<p>Confira tamb\u00e9m outros destaques e v\u00eddeos pelo <a href=\"https:\/\/www.instagram.com\/ihc2025belohorizonte\" data-type=\"link\" data-id=\"https:\/\/www.instagram.com\/ihc2025belohorizonte\">Instagram do evento.<\/a><\/p>\n","protected":false},"excerpt":{"rendered":"<p>Bras\u00edlia, o quadradinho do Brasil! Localizada no cora\u00e7\u00e3o do pa\u00eds, recebe a vig\u00e9sima terceira edi\u00e7\u00e3o do Simp\u00f3sio Brasileiro sobre Fatores Humanos em Sistemas Computacionais (IHC). Nesse contexto, em meio a pessoas que chegam e saem, de diferentes estados do Brasil, com seus sotaques e carregando realidades diversas, surge a converg\u00eancia cultural, pol\u00edtica e intelectual que [&hellip;]<\/p>\n","protected":false},"author":3,"featured_media":131,"comment_status":"closed","ping_status":"closed","sticky":false,"template":"","format":"standard","meta":{"footnotes":""},"categories":[1],"tags":[],"class_list":["post-130","post","type-post","status-publish","format-standard","has-post-thumbnail","hentry","category-sem-categoria"],"_links":{"self":[{"href":"https:\/\/ceihc.sbc.org.br\/index.php\/wp-json\/wp\/v2\/posts\/130","targetHints":{"allow":["GET"]}}],"collection":[{"href":"https:\/\/ceihc.sbc.org.br\/index.php\/wp-json\/wp\/v2\/posts"}],"about":[{"href":"https:\/\/ceihc.sbc.org.br\/index.php\/wp-json\/wp\/v2\/types\/post"}],"author":[{"embeddable":true,"href":"https:\/\/ceihc.sbc.org.br\/index.php\/wp-json\/wp\/v2\/users\/3"}],"replies":[{"embeddable":true,"href":"https:\/\/ceihc.sbc.org.br\/index.php\/wp-json\/wp\/v2\/comments?post=130"}],"version-history":[{"count":1,"href":"https:\/\/ceihc.sbc.org.br\/index.php\/wp-json\/wp\/v2\/posts\/130\/revisions"}],"predecessor-version":[{"id":135,"href":"https:\/\/ceihc.sbc.org.br\/index.php\/wp-json\/wp\/v2\/posts\/130\/revisions\/135"}],"wp:featuredmedia":[{"embeddable":true,"href":"https:\/\/ceihc.sbc.org.br\/index.php\/wp-json\/wp\/v2\/media\/131"}],"wp:attachment":[{"href":"https:\/\/ceihc.sbc.org.br\/index.php\/wp-json\/wp\/v2\/media?parent=130"}],"wp:term":[{"taxonomy":"category","embeddable":true,"href":"https:\/\/ceihc.sbc.org.br\/index.php\/wp-json\/wp\/v2\/categories?post=130"},{"taxonomy":"post_tag","embeddable":true,"href":"https:\/\/ceihc.sbc.org.br\/index.php\/wp-json\/wp\/v2\/tags?post=130"}],"curies":[{"name":"wp","href":"https:\/\/api.w.org\/{rel}","templated":true}]}}