{"id":123,"date":"2025-07-17T19:31:39","date_gmt":"2025-07-17T22:31:39","guid":{"rendered":"https:\/\/ceihc.sbc.org.br\/?p=123"},"modified":"2025-07-17T19:31:39","modified_gmt":"2025-07-17T22:31:39","slug":"comemorando-os-25-anos-do-ihc","status":"publish","type":"post","link":"https:\/\/ceihc.sbc.org.br\/index.php\/2025\/07\/17\/comemorando-os-25-anos-do-ihc\/","title":{"rendered":"Comemorando os 25 anos do IHC"},"content":{"rendered":"\n<p>Neste ano, o Simp\u00f3sio Brasileiro sobre Fatores Humanos em Sistemas Computacionais (IHC) comemorou com festa o 25\u00ba ano de sua realiza\u00e7\u00e3o. Para comemorar um quarto de s\u00e9culo do evento, nada mais justo do que comemorar com estilo! A festa dos 25 anos do IHC contou com boa comida, homenagens e muitos sorrisos. Veja abaixo alguns registros:<\/p>\n\n\n\n<figure class=\"wp-block-image size-full\"><img fetchpriority=\"high\" decoding=\"async\" width=\"1000\" height=\"667\" src=\"https:\/\/ceihc.sbc.org.br\/wp-content\/uploads\/2025\/07\/JRN07087.jpg\" alt=\"\" class=\"wp-image-125\" srcset=\"https:\/\/ceihc.sbc.org.br\/wp-content\/uploads\/2025\/07\/JRN07087.jpg 1000w, https:\/\/ceihc.sbc.org.br\/wp-content\/uploads\/2025\/07\/JRN07087-300x200.jpg 300w, https:\/\/ceihc.sbc.org.br\/wp-content\/uploads\/2025\/07\/JRN07087-768x512.jpg 768w\" sizes=\"(max-width: 1000px) 100vw, 1000px\" \/><\/figure>\n\n\n\n<figure class=\"wp-block-image size-full\"><img decoding=\"async\" width=\"1000\" height=\"667\" src=\"https:\/\/ceihc.sbc.org.br\/wp-content\/uploads\/2025\/07\/JRN07266.jpg\" alt=\"\" class=\"wp-image-126\" srcset=\"https:\/\/ceihc.sbc.org.br\/wp-content\/uploads\/2025\/07\/JRN07266.jpg 1000w, https:\/\/ceihc.sbc.org.br\/wp-content\/uploads\/2025\/07\/JRN07266-300x200.jpg 300w, https:\/\/ceihc.sbc.org.br\/wp-content\/uploads\/2025\/07\/JRN07266-768x512.jpg 768w\" sizes=\"(max-width: 1000px) 100vw, 1000px\" \/><\/figure>\n\n\n\n<figure class=\"wp-block-image size-full\"><img decoding=\"async\" width=\"1000\" height=\"667\" src=\"https:\/\/ceihc.sbc.org.br\/wp-content\/uploads\/2025\/07\/JRN07343.jpg\" alt=\"\" class=\"wp-image-127\" srcset=\"https:\/\/ceihc.sbc.org.br\/wp-content\/uploads\/2025\/07\/JRN07343.jpg 1000w, https:\/\/ceihc.sbc.org.br\/wp-content\/uploads\/2025\/07\/JRN07343-300x200.jpg 300w, https:\/\/ceihc.sbc.org.br\/wp-content\/uploads\/2025\/07\/JRN07343-768x512.jpg 768w\" sizes=\"(max-width: 1000px) 100vw, 1000px\" \/><\/figure>\n\n\n\n<figure class=\"wp-block-image size-full\"><img loading=\"lazy\" decoding=\"async\" width=\"1000\" height=\"667\" src=\"https:\/\/ceihc.sbc.org.br\/wp-content\/uploads\/2025\/07\/JRN07406.jpg\" alt=\"\" class=\"wp-image-128\" srcset=\"https:\/\/ceihc.sbc.org.br\/wp-content\/uploads\/2025\/07\/JRN07406.jpg 1000w, https:\/\/ceihc.sbc.org.br\/wp-content\/uploads\/2025\/07\/JRN07406-300x200.jpg 300w, https:\/\/ceihc.sbc.org.br\/wp-content\/uploads\/2025\/07\/JRN07406-768x512.jpg 768w\" sizes=\"(max-width: 1000px) 100vw, 1000px\" \/><\/figure>\n\n\n\n<p>Voc\u00ea encontra mais fotos e informa\u00e7\u00f5es no site do IHC 2023: <a href=\"https:\/\/ihc.sbc.org.br\/2023\/index.html\">https:\/\/ihc.sbc.org.br\/2023\/index.html<\/a><\/p>\n\n\n\n<p>Al\u00e9m de conferir destaques e v\u00eddeos pelo <a href=\"https:\/\/www.instagram.com\/ihc2025belohorizonte\" data-type=\"link\" data-id=\"https:\/\/www.instagram.com\/ihc2025belohorizonte\">Instagram do evento.<\/a><\/p>\n\n\n\n<p><\/p>\n","protected":false},"excerpt":{"rendered":"<p>Neste ano, o Simp\u00f3sio Brasileiro sobre Fatores Humanos em Sistemas Computacionais (IHC) comemorou com festa o 25\u00ba ano de sua realiza\u00e7\u00e3o. Para comemorar um quarto de s\u00e9culo do evento, nada mais justo do que comemorar com estilo! A festa dos 25 anos do IHC contou com boa comida, homenagens e muitos sorrisos. Veja abaixo alguns [&hellip;]<\/p>\n","protected":false},"author":3,"featured_media":124,"comment_status":"closed","ping_status":"closed","sticky":false,"template":"","format":"standard","meta":{"footnotes":""},"categories":[1],"tags":[],"class_list":["post-123","post","type-post","status-publish","format-standard","has-post-thumbnail","hentry","category-sem-categoria"],"_links":{"self":[{"href":"https:\/\/ceihc.sbc.org.br\/index.php\/wp-json\/wp\/v2\/posts\/123","targetHints":{"allow":["GET"]}}],"collection":[{"href":"https:\/\/ceihc.sbc.org.br\/index.php\/wp-json\/wp\/v2\/posts"}],"about":[{"href":"https:\/\/ceihc.sbc.org.br\/index.php\/wp-json\/wp\/v2\/types\/post"}],"author":[{"embeddable":true,"href":"https:\/\/ceihc.sbc.org.br\/index.php\/wp-json\/wp\/v2\/users\/3"}],"replies":[{"embeddable":true,"href":"https:\/\/ceihc.sbc.org.br\/index.php\/wp-json\/wp\/v2\/comments?post=123"}],"version-history":[{"count":1,"href":"https:\/\/ceihc.sbc.org.br\/index.php\/wp-json\/wp\/v2\/posts\/123\/revisions"}],"predecessor-version":[{"id":129,"href":"https:\/\/ceihc.sbc.org.br\/index.php\/wp-json\/wp\/v2\/posts\/123\/revisions\/129"}],"wp:featuredmedia":[{"embeddable":true,"href":"https:\/\/ceihc.sbc.org.br\/index.php\/wp-json\/wp\/v2\/media\/124"}],"wp:attachment":[{"href":"https:\/\/ceihc.sbc.org.br\/index.php\/wp-json\/wp\/v2\/media?parent=123"}],"wp:term":[{"taxonomy":"category","embeddable":true,"href":"https:\/\/ceihc.sbc.org.br\/index.php\/wp-json\/wp\/v2\/categories?post=123"},{"taxonomy":"post_tag","embeddable":true,"href":"https:\/\/ceihc.sbc.org.br\/index.php\/wp-json\/wp\/v2\/tags?post=123"}],"curies":[{"name":"wp","href":"https:\/\/api.w.org\/{rel}","templated":true}]}}